{"id":611,"date":"2021-05-03T02:53:03","date_gmt":"2021-05-03T02:53:03","guid":{"rendered":"https:\/\/inframetrip.com\/?p=611"},"modified":"2021-05-08T21:37:22","modified_gmt":"2021-05-08T21:37:22","slug":"turismo-rural-y-comunitario-viajar-localmente-es-tendencia","status":"publish","type":"post","link":"https:\/\/inframetrip.com\/en\/2021\/05\/turismo-rural-y-comunitario-viajar-localmente-es-tendencia\/","title":{"rendered":"Turismo rural y comunitario: viajar localmente es tendencia"},"content":{"rendered":"<div data-elementor-type=\"wp-post\" data-elementor-id=\"611\" class=\"elementor elementor-611\" data-elementor-post-type=\"post\">\n\t\t\t\t\t\t<section class=\"elementor-section elementor-top-section elementor-element elementor-element-490c9da elementor-section-boxed elementor-section-height-default elementor-section-height-default\" data-id=\"490c9da\" data-element_type=\"section\" data-e-type=\"section\" data-settings=\"{&quot;background_background&quot;:&quot;classic&quot;}\">\n\t\t\t\t\t\t\t<div class=\"elementor-background-overlay\"><\/div>\n\t\t\t\t\t\t\t<div class=\"elementor-container elementor-column-gap-default\">\n\t\t\t\t\t<div class=\"elementor-column elementor-col-100 elementor-top-column elementor-element elementor-element-a447256\" data-id=\"a447256\" data-element_type=\"column\" data-e-type=\"column\">\n\t\t\t<div class=\"elementor-widget-wrap elementor-element-populated\">\n\t\t\t\t\t\t<div class=\"elementor-element elementor-element-e6f28af elementor-widget elementor-widget-heading\" data-id=\"e6f28af\" data-element_type=\"widget\" data-e-type=\"widget\" data-widget_type=\"heading.default\">\n\t\t\t\t<div class=\"elementor-widget-container\">\n\t\t\t\t\t<p class=\"elementor-heading-title elementor-size-medium\"><b>Turismo rural y comunitario<\/b><\/p>\t\t\t\t<\/div>\n\t\t\t\t<\/div>\n\t\t\t\t\t<\/div>\n\t\t<\/div>\n\t\t\t\t\t<\/div>\n\t\t<\/section>\n\t\t\t\t<section class=\"elementor-section elementor-top-section elementor-element elementor-element-9f81d7a elementor-section-boxed elementor-section-height-default elementor-section-height-default\" data-id=\"9f81d7a\" data-element_type=\"section\" data-e-type=\"section\">\n\t\t\t\t\t\t<div class=\"elementor-container elementor-column-gap-default\">\n\t\t\t\t\t<div class=\"elementor-column elementor-col-100 elementor-top-column elementor-element elementor-element-3cfbd97\" data-id=\"3cfbd97\" data-element_type=\"column\" data-e-type=\"column\">\n\t\t\t<div class=\"elementor-widget-wrap elementor-element-populated\">\n\t\t\t\t\t\t<div class=\"elementor-element elementor-element-806998f elementor-widget elementor-widget-image\" data-id=\"806998f\" data-element_type=\"widget\" data-e-type=\"widget\" data-widget_type=\"image.default\">\n\t\t\t\t<div class=\"elementor-widget-container\">\n\t\t\t\t\t\t\t\t\t\t\t\t\t\t\t<img fetchpriority=\"high\" decoding=\"async\" width=\"500\" height=\"500\" src=\"https:\/\/inframetrip.com\/wp-content\/uploads\/2021\/03\/1.png\" class=\"attachment-full size-full wp-image-424\" alt=\"\" srcset=\"https:\/\/inframetrip.com\/wp-content\/uploads\/2021\/03\/1.png 500w, https:\/\/inframetrip.com\/wp-content\/uploads\/2021\/03\/1-300x300.png 300w, https:\/\/inframetrip.com\/wp-content\/uploads\/2021\/03\/1-150x150.png 150w, https:\/\/inframetrip.com\/wp-content\/uploads\/2021\/03\/1-100x100.png 100w\" sizes=\"(max-width: 500px) 100vw, 500px\" \/>\t\t\t\t\t\t\t\t\t\t\t\t\t\t\t<\/div>\n\t\t\t\t<\/div>\n\t\t\t\t<div class=\"elementor-element elementor-element-04c8766 elementor-widget elementor-widget-heading\" data-id=\"04c8766\" data-element_type=\"widget\" data-e-type=\"widget\" data-widget_type=\"heading.default\">\n\t\t\t\t<div class=\"elementor-widget-container\">\n\t\t\t\t\t<h4 class=\"elementor-heading-title elementor-size-default\">Por Daniela Vallejo<\/h4>\t\t\t\t<\/div>\n\t\t\t\t<\/div>\n\t\t\t\t\t<\/div>\n\t\t<\/div>\n\t\t\t\t\t<\/div>\n\t\t<\/section>\n\t\t\t\t<section class=\"elementor-section elementor-top-section elementor-element elementor-element-53f83927 elementor-section-boxed elementor-section-height-default elementor-section-height-default\" data-id=\"53f83927\" data-element_type=\"section\" data-e-type=\"section\">\n\t\t\t\t\t\t<div class=\"elementor-container elementor-column-gap-default\">\n\t\t\t\t\t<div class=\"elementor-column elementor-col-100 elementor-top-column elementor-element elementor-element-59cd3818\" data-id=\"59cd3818\" data-element_type=\"column\" data-e-type=\"column\">\n\t\t\t<div class=\"elementor-widget-wrap elementor-element-populated\">\n\t\t\t\t\t\t<div class=\"elementor-element elementor-element-4f80a12 elementor-widget elementor-widget-heading\" data-id=\"4f80a12\" data-element_type=\"widget\" data-e-type=\"widget\" data-widget_type=\"heading.default\">\n\t\t\t\t<div class=\"elementor-widget-container\">\n\t\t\t\t\t<h3 class=\"elementor-heading-title elementor-size-default\">El turismo y la aparici\u00f3n de una pandemia mundial<\/h3>\t\t\t\t<\/div>\n\t\t\t\t<\/div>\n\t\t\t\t<div class=\"elementor-element elementor-element-8c94ba5 elementor-widget elementor-widget-text-editor\" data-id=\"8c94ba5\" data-element_type=\"widget\" data-e-type=\"widget\" data-widget_type=\"text-editor.default\">\n\t\t\t\t<div class=\"elementor-widget-container\">\n\t\t\t\t\t\t\t\t\t<p><span style=\"font-family: Aleo, sans-serif;\">El a\u00f1o 2020 fue uno de los m\u00e1s grandes retos para todos, el cierre de fronteras a nivel mundial y el aislamiento social se hicieron presentes a causa de la aparici\u00f3n del\u00a0<\/span><span style=\"font-family: Aleo, sans-serif;\"><b>COVID-19<\/b><\/span><span style=\"font-family: Aleo, sans-serif;\">\u00a0y por consecuente el sector tur\u00edstico entr\u00f3 en un estado de coma indefinido.\u00a0<\/span><\/p>\t\t\t\t\t\t\t\t<\/div>\n\t\t\t\t<\/div>\n\t\t\t\t<div class=\"elementor-element elementor-element-9c37c85 elementor-widget elementor-widget-text-editor\" data-id=\"9c37c85\" data-element_type=\"widget\" data-e-type=\"widget\" data-widget_type=\"text-editor.default\">\n\t\t\t\t<div class=\"elementor-widget-container\">\n\t\t\t\t\t\t\t\t\t<p><span style=\"font-family: Aleo, sans-serif;\">Con esta desafortunada situaci\u00f3n surgieron desmedidos cambios econ\u00f3micos, incluso sociales, pues la paranoia de las personas ha causado que busquen estar fuera de contacto con otras personas y para viajar no ha sido a excepci\u00f3n.<\/span><\/p>\t\t\t\t\t\t\t\t<\/div>\n\t\t\t\t<\/div>\n\t\t\t\t<div class=\"elementor-element elementor-element-ab30a75 elementor-widget elementor-widget-text-editor\" data-id=\"ab30a75\" data-element_type=\"widget\" data-e-type=\"widget\" data-widget_type=\"text-editor.default\">\n\t\t\t\t<div class=\"elementor-widget-container\">\n\t\t\t\t\t\t\t\t\t<p><span style=\"font-weight: var( --e-global-typography-text-font-weight ); font-size: 1rem; color: #3d3d3d; font-family: Aleo, sans-serif;\">\u00a0El<\/span><span style=\"font-weight: inherit; font-size: 1rem; font-style: inherit; color: #3d3d3d; font-family: Aleo, sans-serif;\">\u00a0COVID-19 talvez lleg\u00f3 para darle un respiro al turismo, pues ha sobresalido el tema de la\u00a0<\/span><span style=\"font-size: 1rem; font-style: inherit; font-weight: bold; color: #3d3d3d; font-family: Aleo, sans-serif;\">sostenibilidad<\/span><span style=\"font-weight: inherit; font-size: 1rem; font-style: inherit; color: #3d3d3d; font-family: Aleo, sans-serif;\">\u00a0y su importancia como forma de conservaci\u00f3n del ambiente y desarrollo local, y que mejor que desde la construcci\u00f3n de un\u00a0<\/span><span style=\"font-size: 1rem; font-style: inherit; font-weight: bold; color: #3d3d3d; font-family: Aleo, sans-serif;\">turismo rural y comunitario<\/span><span style=\"font-weight: inherit; font-size: 1rem; font-style: inherit; color: #3d3d3d; font-family: Aleo, sans-serif;\">.<\/span><\/p>\t\t\t\t\t\t\t\t<\/div>\n\t\t\t\t<\/div>\n\t\t\t\t<div class=\"elementor-element elementor-element-96c3e29 elementor-widget elementor-widget-text-editor\" data-id=\"96c3e29\" data-element_type=\"widget\" data-e-type=\"widget\" data-widget_type=\"text-editor.default\">\n\t\t\t\t<div class=\"elementor-widget-container\">\n\t\t\t\t\t\t\t\t\t<p><span style=\"font-size: 1rem; font-style: inherit; font-weight: inherit; color: #3d3d3d; font-family: Aleo, sans-serif;\">\u00a0<\/span><span style=\"font-size: 1rem; font-style: inherit; font-weight: inherit; color: #3d3d3d; font-family: Aleo, sans-serif;\">Una nueva forma perfecta para el turista del ma\u00f1ana que buscar\u00e1 realizar viajes cortos y de pocas distancias en ubicaciones locales, en ambientes naturales y fuera de aglomeraciones<\/span><span style=\"color: var( --e-global-color-text ); font-family: var( --e-global-typography-text-font-family ), Sans-serif; font-style: inherit; font-weight: inherit;\">.<\/span><\/p>\t\t\t\t\t\t\t\t<\/div>\n\t\t\t\t<\/div>\n\t\t\t\t<div class=\"elementor-element elementor-element-8bb1f45 elementor-invisible elementor-widget elementor-widget-image\" data-id=\"8bb1f45\" data-element_type=\"widget\" data-e-type=\"widget\" data-settings=\"{&quot;_animation&quot;:&quot;fadeIn&quot;}\" data-widget_type=\"image.default\">\n\t\t\t\t<div class=\"elementor-widget-container\">\n\t\t\t\t\t\t\t\t\t\t\t\t\t\t\t<img decoding=\"async\" src=\"https:\/\/inframetrip.com\/wp-content\/uploads\/2021\/05\/1591954136_046186_1591954279_noticia_normal-1-600x432.jpg\" title=\"1591954136_046186_1591954279_noticia_normal\" alt=\"1591954136_046186_1591954279_noticia_normal\" loading=\"lazy\" \/>\t\t\t\t\t\t\t\t\t\t\t\t\t\t\t<\/div>\n\t\t\t\t<\/div>\n\t\t\t\t<div class=\"elementor-element elementor-element-7e2c433 elementor-widget elementor-widget-text-editor\" data-id=\"7e2c433\" data-element_type=\"widget\" data-e-type=\"widget\" data-widget_type=\"text-editor.default\">\n\t\t\t\t<div class=\"elementor-widget-container\">\n\t\t\t\t\t\t\t\t\t<p><span style=\"font-family: Aleo, sans-serif; text-align: center; font-size: 16px;\">Foto: M\u00f3nica Torres\/<\/span><em style=\"font-family: Aleo, sans-serif; text-align: center; font-size: 16px;\">EL PA\u00cdS<\/em><\/p>\t\t\t\t\t\t\t\t<\/div>\n\t\t\t\t<\/div>\n\t\t\t\t<div class=\"elementor-element elementor-element-0ca41a1 elementor-widget elementor-widget-text-editor\" data-id=\"0ca41a1\" data-element_type=\"widget\" data-e-type=\"widget\" data-widget_type=\"text-editor.default\">\n\t\t\t\t<div class=\"elementor-widget-container\">\n\t\t\t\t\t\t\t\t\t<p><span style=\"font-family: Aleo, sans-serif;\">Ir\u00f3nicamente la <b>Organizaci\u00f3n Mundial del Turism<\/b>o ya ten\u00eda previsto al 2020 como el a\u00f1o del <b>\u00abTurismo y Desarrollo Rural\u00bb<\/b> con el prop\u00f3sito de concientizar sobre la importancia de defender, proteger y desarrollar las zonas rurales y buscar el bienestar equilibrado en todos sus aspectos de sus poblaciones locales.<\/span><\/p>\t\t\t\t\t\t\t\t<\/div>\n\t\t\t\t<\/div>\n\t\t\t\t<div class=\"elementor-element elementor-element-f89a6cb elementor-widget elementor-widget-text-editor\" data-id=\"f89a6cb\" data-element_type=\"widget\" data-e-type=\"widget\" data-widget_type=\"text-editor.default\">\n\t\t\t\t<div class=\"elementor-widget-container\">\n\t\t\t\t\t\t\t\t\t<p><span style=\"font-family: Aleo, sans-serif;\">Esta coincidencia impuls\u00f3 a\u00fan m\u00e1s a este tipo de turismo, ya que incluso se convirti\u00f3 en tema de conversaci\u00f3n en diferentes foros y charlas a nivel mundial, pero mucho m\u00e1s que eso tambi\u00e9n desde el inicio de la pandemia fue una de las principales preocupaciones para los emprendedores comunitarios de estos territorios, pues se ver\u00edan sumamente afectados.<\/span><\/p>\t\t\t\t\t\t\t\t<\/div>\n\t\t\t\t<\/div>\n\t\t\t\t<div class=\"elementor-element elementor-element-0e141df elementor-widget elementor-widget-text-editor\" data-id=\"0e141df\" data-element_type=\"widget\" data-e-type=\"widget\" data-widget_type=\"text-editor.default\">\n\t\t\t\t<div class=\"elementor-widget-container\">\n\t\t\t\t\t\t\t\t\t<p><span style=\"color: var( --e-global-color-text ); font-family: Aleo, sans-serif; font-style: inherit;\"><span style=\"font-weight: inherit;\">Mas sin embargo muchos pa\u00edses han tomado como reactivadores tur\u00edstico a las comunidades y sus territorios, como es el caso de Ecuador, quien desde el Ministerio de Turismo lanz\u00f3 la campa\u00f1a<\/span><b><a href=\"https:\/\/www.turismo.gob.ec\/ministerio-de-turismo-presento-su-campana-te-prometo-ecuador\/\">\u00a0<\/a><\/b><\/span><em style=\"color: var( --e-global-color-text ); font-family: Aleo, sans-serif;\"><b><a href=\"https:\/\/www.turismo.gob.ec\/ministerio-de-turismo-presento-su-campana-te-prometo-ecuador\/\">\u00abTe prometo Ecuador\u00bb<\/a><\/b><\/em><span style=\"color: var( --e-global-color-text ); font-family: Aleo, sans-serif; font-style: inherit; font-weight: inherit;\">\u00a0con la que el Gobierno Nacional promueve la reactivaci\u00f3n del turismo rural bajo el manejo de una Gu\u00eda General de Bioseguridad.<\/span><\/p>\t\t\t\t\t\t\t\t<\/div>\n\t\t\t\t<\/div>\n\t\t\t\t<div class=\"elementor-element elementor-element-93eb16c elementor-invisible elementor-widget elementor-widget-image\" data-id=\"93eb16c\" data-element_type=\"widget\" data-e-type=\"widget\" data-settings=\"{&quot;_animation&quot;:&quot;fadeIn&quot;}\" data-widget_type=\"image.default\">\n\t\t\t\t<div class=\"elementor-widget-container\">\n\t\t\t\t\t\t\t\t\t\t\t\t\t\t\t<img decoding=\"async\" src=\"https:\/\/inframetrip.com\/wp-content\/uploads\/2021\/05\/Cotopaxipungo-1-600x349.jpg\" title=\"Cotopaxipungo-1\" alt=\"Cotopaxipungo-1\" loading=\"lazy\" \/>\t\t\t\t\t\t\t\t\t\t\t\t\t\t\t<\/div>\n\t\t\t\t<\/div>\n\t\t\t\t<div class=\"elementor-element elementor-element-62f1c89 elementor-widget elementor-widget-text-editor\" data-id=\"62f1c89\" data-element_type=\"widget\" data-e-type=\"widget\" data-widget_type=\"text-editor.default\">\n\t\t\t\t<div class=\"elementor-widget-container\">\n\t\t\t\t\t\t\t\t\t<p><em style=\"font-family: Aleo, sans-serif; text-align: center;\">Foto: Ministerio de Turismo<\/em><\/p>\t\t\t\t\t\t\t\t<\/div>\n\t\t\t\t<\/div>\n\t\t\t\t<div class=\"elementor-element elementor-element-be67984 elementor-widget elementor-widget-heading\" data-id=\"be67984\" data-element_type=\"widget\" data-e-type=\"widget\" data-widget_type=\"heading.default\">\n\t\t\t\t<div class=\"elementor-widget-container\">\n\t\t\t\t\t<h3 class=\"elementor-heading-title elementor-size-default\">4 Comunidades interesantes en Ecuador que debes visitar<\/h3>\t\t\t\t<\/div>\n\t\t\t\t<\/div>\n\t\t\t\t<div class=\"elementor-element elementor-element-bf34d77 elementor-headline--style-highlight elementor-widget elementor-widget-animated-headline\" data-id=\"bf34d77\" data-element_type=\"widget\" data-e-type=\"widget\" data-settings=\"{&quot;marker&quot;:&quot;double_underline&quot;,&quot;highlighted_text&quot;:&quot;Sinchi Warmi&quot;,&quot;headline_style&quot;:&quot;highlight&quot;,&quot;loop&quot;:&quot;yes&quot;,&quot;highlight_animation_duration&quot;:1200,&quot;highlight_iteration_delay&quot;:8000}\" data-widget_type=\"animated-headline.default\">\n\t\t\t\t<div class=\"elementor-widget-container\">\n\t\t\t\t\t\t\t\t<a href=\"https:\/\/www.facebook.com\/SinchiWarmis\/\">\n\n\t\t\t\t\t<h3 class=\"elementor-headline\">\n\t\t\t\t<span class=\"elementor-headline-dynamic-wrapper elementor-headline-text-wrapper\">\n\t\t\t\t\t<span class=\"elementor-headline-dynamic-text elementor-headline-text-active\">Sinchi Warmi<\/span>\n\t\t\t\t<\/span>\n\t\t\t\t<\/h3>\n\t\t<\/a>\t\t\t\t<\/div>\n\t\t\t\t<\/div>\n\t\t\t\t<div class=\"elementor-element elementor-element-df019f3 elementor-widget elementor-widget-text-editor\" data-id=\"df019f3\" data-element_type=\"widget\" data-e-type=\"widget\" data-widget_type=\"text-editor.default\">\n\t\t\t\t<div class=\"elementor-widget-container\">\n\t\t\t\t\t\t\t\t\t<p><span style=\"font-family: Aleo, sans-serif;\">Este Centro de Turismo se encuentra ubicado en la parroquia de Misahualli, cant\u00f3n Tena, en la provincia amaz\u00f3nica de Napo. Es un proyecto comunitario dirigido por mujeres que buscan aprovechar su territorio para brindar servicios y actividades tur\u00edsticas a trav\u00e9s de buenas pr\u00e1cticas ambientales y bajo la filosof\u00eda de un turismo sostenible. Su principal objetivo es darle al visitante una experiencia diferente en base a actividades que ense\u00f1en sobre responsabilidad social corporativa, gesti\u00f3n social-cultural y ambiental.<\/span><\/p>\t\t\t\t\t\t\t\t<\/div>\n\t\t\t\t<\/div>\n\t\t\t\t<div class=\"elementor-element elementor-element-8f6f13d elementor-invisible elementor-widget elementor-widget-image\" data-id=\"8f6f13d\" data-element_type=\"widget\" data-e-type=\"widget\" data-settings=\"{&quot;_animation&quot;:&quot;fadeIn&quot;}\" data-widget_type=\"image.default\">\n\t\t\t\t<div class=\"elementor-widget-container\">\n\t\t\t\t\t\t\t\t\t\t\t\t\t\t\t<img decoding=\"async\" src=\"https:\/\/inframetrip.com\/wp-content\/uploads\/2021\/05\/21587419_927382027400021_876668728271249957_o-4-600x400.jpg\" title=\"21587419_927382027400021_876668728271249957_o-4\" alt=\"21587419_927382027400021_876668728271249957_o-4\" loading=\"lazy\" \/>\t\t\t\t\t\t\t\t\t\t\t\t\t\t\t<\/div>\n\t\t\t\t<\/div>\n\t\t\t\t<div class=\"elementor-element elementor-element-b5814b1 elementor-widget elementor-widget-image\" data-id=\"b5814b1\" data-element_type=\"widget\" data-e-type=\"widget\" data-widget_type=\"image.default\">\n\t\t\t\t<div class=\"elementor-widget-container\">\n\t\t\t\t\t\t\t\t\t\t\t\t\t\t\t<img decoding=\"async\" src=\"https:\/\/inframetrip.com\/wp-content\/uploads\/2021\/05\/20170609_173658-600x450.jpg\" title=\"20170609_173658\" alt=\"20170609_173658\" loading=\"lazy\" \/>\t\t\t\t\t\t\t\t\t\t\t\t\t\t\t<\/div>\n\t\t\t\t<\/div>\n\t\t\t\t<div class=\"elementor-element elementor-element-621e91f elementor-widget elementor-widget-spacer\" data-id=\"621e91f\" data-element_type=\"widget\" data-e-type=\"widget\" data-widget_type=\"spacer.default\">\n\t\t\t\t<div class=\"elementor-widget-container\">\n\t\t\t\t\t\t\t<div class=\"elementor-spacer\">\n\t\t\t<div class=\"elementor-spacer-inner\"><\/div>\n\t\t<\/div>\n\t\t\t\t\t\t<\/div>\n\t\t\t\t<\/div>\n\t\t\t\t<div class=\"elementor-element elementor-element-f2b1735 elementor-headline--style-highlight elementor-widget elementor-widget-animated-headline\" data-id=\"f2b1735\" data-element_type=\"widget\" data-e-type=\"widget\" data-settings=\"{&quot;marker&quot;:&quot;double_underline&quot;,&quot;highlighted_text&quot;:&quot;Yunguilla&quot;,&quot;headline_style&quot;:&quot;highlight&quot;,&quot;loop&quot;:&quot;yes&quot;,&quot;highlight_animation_duration&quot;:1200,&quot;highlight_iteration_delay&quot;:8000}\" data-widget_type=\"animated-headline.default\">\n\t\t\t\t<div class=\"elementor-widget-container\">\n\t\t\t\t\t\t\t\t<a href=\"http:\/\/www.yunguilla.org.ec\/es\/\">\n\n\t\t\t\t\t<h3 class=\"elementor-headline\">\n\t\t\t\t<span class=\"elementor-headline-dynamic-wrapper elementor-headline-text-wrapper\">\n\t\t\t\t\t<span class=\"elementor-headline-dynamic-text elementor-headline-text-active\">Yunguilla<\/span>\n\t\t\t\t<\/span>\n\t\t\t\t<\/h3>\n\t\t<\/a>\t\t\t\t<\/div>\n\t\t\t\t<\/div>\n\t\t\t\t<div class=\"elementor-element elementor-element-0e8fa3d elementor-widget elementor-widget-text-editor\" data-id=\"0e8fa3d\" data-element_type=\"widget\" data-e-type=\"widget\" data-widget_type=\"text-editor.default\">\n\t\t\t\t<div class=\"elementor-widget-container\">\n\t\t\t\t\t\t\t\t\t<p><span style=\"font-family: Aleo, sans-serif;\">El bosque nublado de Yunguilla se encuentra ubicado en la parroquia de Calacal\u00ed, a tan solo una hora al noroccidente de Quito. Es una comunidad que ha sabido bien aprovechar su ubicaci\u00f3n y sus recursos naturales para generar fuentes econ\u00f3micas alternas en base al desarrollo de actividades tur\u00edsticas que apunten a la sostenibilidad y a un trabajo colaborativo con el fin de mejorar la calidad de vida de sus pobladores.<\/span><\/p>\t\t\t\t\t\t\t\t<\/div>\n\t\t\t\t<\/div>\n\t\t\t\t<div class=\"elementor-element elementor-element-bff543c elementor-invisible elementor-widget elementor-widget-image\" data-id=\"bff543c\" data-element_type=\"widget\" data-e-type=\"widget\" data-settings=\"{&quot;_animation&quot;:&quot;fadeIn&quot;}\" data-widget_type=\"image.default\">\n\t\t\t\t<div class=\"elementor-widget-container\">\n\t\t\t\t\t\t\t\t\t\t\t\t\t\t\t<img decoding=\"async\" src=\"https:\/\/inframetrip.com\/wp-content\/uploads\/2021\/05\/20180127_103750-600x450.jpg\" title=\"20180127_103750\" alt=\"20180127_103750\" loading=\"lazy\" \/>\t\t\t\t\t\t\t\t\t\t\t\t\t\t\t<\/div>\n\t\t\t\t<\/div>\n\t\t\t\t<div class=\"elementor-element elementor-element-d11e1a8 elementor-invisible elementor-widget elementor-widget-image\" data-id=\"d11e1a8\" data-element_type=\"widget\" data-e-type=\"widget\" data-settings=\"{&quot;_animation&quot;:&quot;fadeIn&quot;}\" data-widget_type=\"image.default\">\n\t\t\t\t<div class=\"elementor-widget-container\">\n\t\t\t\t\t\t\t\t\t\t\t\t\t\t\t<img decoding=\"async\" src=\"https:\/\/inframetrip.com\/wp-content\/uploads\/2021\/05\/20180127_082650-1-600x450.jpg\" title=\"20180127_082650 (1)\" alt=\"20180127_082650 (1)\" loading=\"lazy\" \/>\t\t\t\t\t\t\t\t\t\t\t\t\t\t\t<\/div>\n\t\t\t\t<\/div>\n\t\t\t\t<div class=\"elementor-element elementor-element-ca42a12 elementor-widget elementor-widget-spacer\" data-id=\"ca42a12\" data-element_type=\"widget\" data-e-type=\"widget\" data-widget_type=\"spacer.default\">\n\t\t\t\t<div class=\"elementor-widget-container\">\n\t\t\t\t\t\t\t<div class=\"elementor-spacer\">\n\t\t\t<div class=\"elementor-spacer-inner\"><\/div>\n\t\t<\/div>\n\t\t\t\t\t\t<\/div>\n\t\t\t\t<\/div>\n\t\t\t\t<div class=\"elementor-element elementor-element-55c950c elementor-headline--style-highlight elementor-widget elementor-widget-animated-headline\" data-id=\"55c950c\" data-element_type=\"widget\" data-e-type=\"widget\" data-settings=\"{&quot;marker&quot;:&quot;double_underline&quot;,&quot;highlighted_text&quot;:&quot;Ruta Chiriboga&quot;,&quot;headline_style&quot;:&quot;highlight&quot;,&quot;loop&quot;:&quot;yes&quot;,&quot;highlight_animation_duration&quot;:1200,&quot;highlight_iteration_delay&quot;:8000}\" data-widget_type=\"animated-headline.default\">\n\t\t\t\t<div class=\"elementor-widget-container\">\n\t\t\t\t\t\t\t\t<a href=\"https:\/\/rutachiriboga.com\/\">\n\n\t\t\t\t\t<h3 class=\"elementor-headline\">\n\t\t\t\t<span class=\"elementor-headline-dynamic-wrapper elementor-headline-text-wrapper\">\n\t\t\t\t\t<span class=\"elementor-headline-dynamic-text elementor-headline-text-active\">Ruta Chiriboga<\/span>\n\t\t\t\t<\/span>\n\t\t\t\t<\/h3>\n\t\t<\/a>\t\t\t\t<\/div>\n\t\t\t\t<\/div>\n\t\t\t\t<div class=\"elementor-element elementor-element-61ec1a3 elementor-widget elementor-widget-text-editor\" data-id=\"61ec1a3\" data-element_type=\"widget\" data-e-type=\"widget\" data-widget_type=\"text-editor.default\">\n\t\t\t\t<div class=\"elementor-widget-container\">\n\t\t\t\t\t\t\t\t\t<p><span style=\"font-family: Aleo, sans-serif; color: var( --e-global-color-text ); font-weight: var( --e-global-typography-text-font-weight ); font-size: 1rem;\">Se encuentra localizado en la antigua v\u00eda a Santo Domingo de los Ts\u00e1chilas, la primera v\u00eda que un\u00eda la Sierra y la Costa. Actualmente pertenece a la parroquia de Lloa, del cant\u00f3n Quito, y otra mitad pertenece a la parroquia de Alluriquin, de la provincia de Santo Domingo de los Ts\u00e1chilas. Desde Quito se puede ingresar por Chillogallo<\/span>.<\/p>\t\t\t\t\t\t\t\t<\/div>\n\t\t\t\t<\/div>\n\t\t\t\t<div class=\"elementor-element elementor-element-e909cfb elementor-widget elementor-widget-text-editor\" data-id=\"e909cfb\" data-element_type=\"widget\" data-e-type=\"widget\" data-widget_type=\"text-editor.default\">\n\t\t\t\t<div class=\"elementor-widget-container\">\n\t\t\t\t\t\t\t\t\t<p><span style=\"font-family: Aleo, sans-serif;\">Chiriboga desde hace 4 d\u00e9cadas fue un territorio explotado por sus propios habitantes, ya que viv\u00edan de la tala de \u00e1rboles y la caza, que provocaba la destrucci\u00f3n de la diversidad de flora y fauna que cuenta el sector. Mas sin embargo unas cuantas familias han apostado por la actividad ganadera y al turismo rural comunitario. El Centro de Turismo Comunitario Ruta Chiriboga se ha encargado de resaltar la actividad de observaci\u00f3n de aves que le ha dado mucho prestigio.<\/span><\/p>\t\t\t\t\t\t\t\t<\/div>\n\t\t\t\t<\/div>\n\t\t\t\t<div class=\"elementor-element elementor-element-e077c6d elementor-invisible elementor-widget elementor-widget-image\" data-id=\"e077c6d\" data-element_type=\"widget\" data-e-type=\"widget\" data-settings=\"{&quot;_animation&quot;:&quot;fadeIn&quot;}\" data-widget_type=\"image.default\">\n\t\t\t\t<div class=\"elementor-widget-container\">\n\t\t\t\t\t\t\t\t\t\t\t\t\t\t\t<img decoding=\"async\" src=\"https:\/\/inframetrip.com\/wp-content\/uploads\/2021\/05\/lloa-600x800.jpg\" title=\"lloa\" alt=\"lloa\" loading=\"lazy\" \/>\t\t\t\t\t\t\t\t\t\t\t\t\t\t\t<\/div>\n\t\t\t\t<\/div>\n\t\t\t\t<div class=\"elementor-element elementor-element-2ee9392 elementor-widget elementor-widget-text-editor\" data-id=\"2ee9392\" data-element_type=\"widget\" data-e-type=\"widget\" data-widget_type=\"text-editor.default\">\n\t\t\t\t<div class=\"elementor-widget-container\">\n\t\t\t\t\t\t\t\t\t<p><em style=\"font-family: Aleo, sans-serif; text-align: center; font-size: 16px;\">Foto: Centro de Turismo Comunitario Chiriboga<\/em><\/p>\t\t\t\t\t\t\t\t<\/div>\n\t\t\t\t<\/div>\n\t\t\t\t<div class=\"elementor-element elementor-element-df74499 elementor-invisible elementor-widget elementor-widget-image\" data-id=\"df74499\" data-element_type=\"widget\" data-e-type=\"widget\" data-settings=\"{&quot;_animation&quot;:&quot;fadeIn&quot;}\" data-widget_type=\"image.default\">\n\t\t\t\t<div class=\"elementor-widget-container\">\n\t\t\t\t\t\t\t\t\t\t\t\t\t\t\t<img decoding=\"async\" src=\"https:\/\/inframetrip.com\/wp-content\/uploads\/2021\/05\/chiriboga-600x450.jpg\" title=\"chiriboga\" alt=\"chiriboga\" loading=\"lazy\" \/>\t\t\t\t\t\t\t\t\t\t\t\t\t\t\t<\/div>\n\t\t\t\t<\/div>\n\t\t\t\t<div class=\"elementor-element elementor-element-b5fc6bd elementor-widget elementor-widget-text-editor\" data-id=\"b5fc6bd\" data-element_type=\"widget\" data-e-type=\"widget\" data-widget_type=\"text-editor.default\">\n\t\t\t\t<div class=\"elementor-widget-container\">\n\t\t\t\t\t\t\t\t\t<p><em style=\"font-family: Aleo, sans-serif; text-align: center; font-size: 16px;\">Foto: Centro de Turismo Comunitario Chiriboga<\/em><\/p>\t\t\t\t\t\t\t\t<\/div>\n\t\t\t\t<\/div>\n\t\t\t\t<div class=\"elementor-element elementor-element-5bedf98 elementor-headline--style-highlight elementor-widget elementor-widget-animated-headline\" data-id=\"5bedf98\" data-element_type=\"widget\" data-e-type=\"widget\" data-settings=\"{&quot;marker&quot;:&quot;double_underline&quot;,&quot;highlighted_text&quot;:&quot;Agua Blanca&quot;,&quot;headline_style&quot;:&quot;highlight&quot;,&quot;loop&quot;:&quot;yes&quot;,&quot;highlight_animation_duration&quot;:1200,&quot;highlight_iteration_delay&quot;:8000}\" data-widget_type=\"animated-headline.default\">\n\t\t\t\t<div class=\"elementor-widget-container\">\n\t\t\t\t\t\t\t\t<a href=\"https:\/\/www.comunidadaguablanca.com\/\">\n\n\t\t\t\t\t<h3 class=\"elementor-headline\">\n\t\t\t\t<span class=\"elementor-headline-dynamic-wrapper elementor-headline-text-wrapper\">\n\t\t\t\t\t<span class=\"elementor-headline-dynamic-text elementor-headline-text-active\">Agua Blanca<\/span>\n\t\t\t\t<\/span>\n\t\t\t\t<\/h3>\n\t\t<\/a>\t\t\t\t<\/div>\n\t\t\t\t<\/div>\n\t\t\t\t<div class=\"elementor-element elementor-element-2ff50a4 elementor-widget elementor-widget-text-editor\" data-id=\"2ff50a4\" data-element_type=\"widget\" data-e-type=\"widget\" data-widget_type=\"text-editor.default\">\n\t\t\t\t<div class=\"elementor-widget-container\">\n\t\t\t\t\t\t\t\t\t<p><span style=\"font-family: Aleo, sans-serif;\">Est\u00e1 localizado en el Parque Nacional Machalilla, en la parroquia Machalilla, cant\u00f3n Puerto L\u00f3pez, de la provincia de Manab\u00ed. Est\u00e1 conformado por m\u00e1s de 88 familias que se han dedicado a la actividad tur\u00edstica.<\/span><\/p>\t\t\t\t\t\t\t\t<\/div>\n\t\t\t\t<\/div>\n\t\t\t\t<div class=\"elementor-element elementor-element-6218a82 elementor-widget elementor-widget-text-editor\" data-id=\"6218a82\" data-element_type=\"widget\" data-e-type=\"widget\" data-widget_type=\"text-editor.default\">\n\t\t\t\t<div class=\"elementor-widget-container\">\n\t\t\t\t\t\t\t\t\t<p><span style=\"font-family: Aleo, sans-serif;\">Al sitio acuden anualmente m\u00e1s de 16.000 visitantes, tanto nacionales como extranjero, que llegan con la motivaci\u00f3n de visitar su sitio arqueol\u00f3gico y museo de sitio donde se exponen restos de la cultura mante\u00f1a, adem\u00e1s de recorrer sus bosques seco y tropical, y disfrutar de un ba\u00f1o relajante en las aguas de su laguna de azufre.<\/span><\/p>\t\t\t\t\t\t\t\t<\/div>\n\t\t\t\t<\/div>\n\t\t\t\t<div class=\"elementor-element elementor-element-5dc7f54 elementor-invisible elementor-widget elementor-widget-image\" data-id=\"5dc7f54\" data-element_type=\"widget\" data-e-type=\"widget\" data-settings=\"{&quot;_animation&quot;:&quot;fadeIn&quot;}\" data-widget_type=\"image.default\">\n\t\t\t\t<div class=\"elementor-widget-container\">\n\t\t\t\t\t\t\t\t\t\t\t\t\t\t\t<img decoding=\"async\" src=\"https:\/\/inframetrip.com\/wp-content\/uploads\/2021\/05\/WhatsApp-Image-2021-05-02-at-14.58.13-600x400.jpeg\" title=\"WhatsApp Image 2021-05-02 at 14.58.13\" alt=\"WhatsApp Image 2021-05-02 at 14.58.13\" loading=\"lazy\" \/>\t\t\t\t\t\t\t\t\t\t\t\t\t\t\t<\/div>\n\t\t\t\t<\/div>\n\t\t\t\t<div class=\"elementor-element elementor-element-2fea937 elementor-widget elementor-widget-text-editor\" data-id=\"2fea937\" data-element_type=\"widget\" data-e-type=\"widget\" data-widget_type=\"text-editor.default\">\n\t\t\t\t<div class=\"elementor-widget-container\">\n\t\t\t\t\t\t\t\t\t<div><b style=\"font-style: inherit;\"><i>Gracias por haber llegado hasta aqu\u00ed, recuerda visitar a las comunidades locales y apoyar a la conservaci\u00f3n de sus territorios.<\/i><\/b><\/div>\t\t\t\t\t\t\t\t<\/div>\n\t\t\t\t<\/div>\n\t\t\t\t<div class=\"elementor-element elementor-element-d344aa0 elementor-shape-circle elementor-grid-0 e-grid-align-center elementor-widget elementor-widget-social-icons\" data-id=\"d344aa0\" data-element_type=\"widget\" data-e-type=\"widget\" data-widget_type=\"social-icons.default\">\n\t\t\t\t<div class=\"elementor-widget-container\">\n\t\t\t\t\t\t\t<div class=\"elementor-social-icons-wrapper elementor-grid\" role=\"list\">\n\t\t\t\t\t\t\t<span class=\"elementor-grid-item\" role=\"listitem\">\n\t\t\t\t\t<a class=\"elementor-icon elementor-social-icon elementor-social-icon-facebook-f elementor-repeater-item-3bftaoh\" href=\"https:\/\/www.facebook.com\/inframetrip\" target=\"_blank\">\n\t\t\t\t\t\t<span class=\"elementor-screen-only\">Facebook-f<\/span>\n\t\t\t\t\t\t<i aria-hidden=\"true\" class=\"fab fa-facebook-f\"><\/i>\t\t\t\t\t<\/a>\n\t\t\t\t<\/span>\n\t\t\t\t\t\t\t<span class=\"elementor-grid-item\" role=\"listitem\">\n\t\t\t\t\t<a class=\"elementor-icon elementor-social-icon elementor-social-icon-instagram elementor-repeater-item-4446739\" href=\"https:\/\/www.instagram.com\/inframe_trip\/?hl=es-la\" target=\"_blank\">\n\t\t\t\t\t\t<span class=\"elementor-screen-only\">Instagram<\/span>\n\t\t\t\t\t\t<i aria-hidden=\"true\" class=\"fab fa-instagram\"><\/i>\t\t\t\t\t<\/a>\n\t\t\t\t<\/span>\n\t\t\t\t\t\t\t<span class=\"elementor-grid-item\" role=\"listitem\">\n\t\t\t\t\t<a class=\"elementor-icon elementor-social-icon elementor-social-icon-linkedin-in elementor-repeater-item-xz1qnet\" href=\"https:\/\/www.linkedin.com\/company\/inframe-trip\/about\/?viewAsMember=true\" target=\"_blank\">\n\t\t\t\t\t\t<span class=\"elementor-screen-only\">Linkedin-in<\/span>\n\t\t\t\t\t\t<i aria-hidden=\"true\" class=\"fab fa-linkedin-in\"><\/i>\t\t\t\t\t<\/a>\n\t\t\t\t<\/span>\n\t\t\t\t\t<\/div>\n\t\t\t\t\t\t<\/div>\n\t\t\t\t<\/div>\n\t\t\t\t\t<\/div>\n\t\t<\/div>\n\t\t\t\t\t<\/div>\n\t\t<\/section>\n\t\t\t\t<section class=\"elementor-section elementor-inner-section elementor-element elementor-element-5b05156 elementor-section-height-min-height elementor-section-boxed elementor-section-height-default\" data-id=\"5b05156\" data-element_type=\"section\" data-e-type=\"section\">\n\t\t\t\t\t\t<div class=\"elementor-container elementor-column-gap-default\">\n\t\t\t\t\t<div class=\"elementor-column elementor-col-33 elementor-inner-column elementor-element elementor-element-f913c52\" data-id=\"f913c52\" data-element_type=\"column\" data-e-type=\"column\">\n\t\t\t<div class=\"elementor-widget-wrap elementor-element-populated\">\n\t\t\t\t\t\t<div class=\"elementor-element elementor-element-fc31c6b elementor-widget elementor-widget-image\" data-id=\"fc31c6b\" data-element_type=\"widget\" data-e-type=\"widget\" data-widget_type=\"image.default\">\n\t\t\t\t<div class=\"elementor-widget-container\">\n\t\t\t\t\t\t\t\t\t\t\t\t\t\t\t\t<a href=\"https:\/\/inframetrip.com\/en\">\n\t\t\t\t\t\t\t<img decoding=\"async\" width=\"852\" height=\"172\" src=\"https:\/\/inframetrip.com\/wp-content\/uploads\/2021\/03\/cropped-MANUAL-inFRAMEtrip-05-366x74.png\" class=\"attachment-full size-full wp-image-58\" alt=\"\" srcset=\"https:\/\/inframetrip.com\/wp-content\/uploads\/2021\/03\/cropped-MANUAL-inFRAMEtrip-05.png 852w, https:\/\/inframetrip.com\/wp-content\/uploads\/2021\/03\/cropped-MANUAL-inFRAMEtrip-05-300x61.png 300w, https:\/\/inframetrip.com\/wp-content\/uploads\/2021\/03\/cropped-MANUAL-inFRAMEtrip-05-768x155.png 768w, https:\/\/inframetrip.com\/wp-content\/uploads\/2021\/03\/cropped-MANUAL-inFRAMEtrip-05-18x4.png 18w, https:\/\/inframetrip.com\/wp-content\/uploads\/2021\/03\/cropped-MANUAL-inFRAMEtrip-05-366x74.png 366w\" sizes=\"(max-width: 852px) 100vw, 852px\" \/>\t\t\t\t\t\t\t\t<\/a>\n\t\t\t\t\t\t\t\t\t\t\t\t\t\t\t<\/div>\n\t\t\t\t<\/div>\n\t\t\t\t\t<\/div>\n\t\t<\/div>\n\t\t\t\t<div class=\"elementor-column elementor-col-33 elementor-inner-column elementor-element elementor-element-2cde425\" data-id=\"2cde425\" data-element_type=\"column\" data-e-type=\"column\">\n\t\t\t<div class=\"elementor-widget-wrap elementor-element-populated\">\n\t\t\t\t\t\t<div class=\"elementor-element elementor-element-8446c4a elementor-nav-menu__align-center elementor-nav-menu--dropdown-none elementor-widget elementor-widget-nav-menu\" data-id=\"8446c4a\" data-element_type=\"widget\" data-e-type=\"widget\" data-settings=\"{&quot;layout&quot;:&quot;horizontal&quot;,&quot;submenu_icon&quot;:{&quot;value&quot;:&quot;&lt;i class=\\&quot;fas fa-caret-down\\&quot; aria-hidden=\\&quot;true\\&quot;&gt;&lt;\\\/i&gt;&quot;,&quot;library&quot;:&quot;fa-solid&quot;}}\" data-widget_type=\"nav-menu.default\">\n\t\t\t\t<div class=\"elementor-widget-container\">\n\t\t\t\t\t\t\t\t<nav aria-label=\"Menu\" class=\"elementor-nav-menu--main elementor-nav-menu__container elementor-nav-menu--layout-horizontal e--pointer-underline e--animation-fade\">\n\t\t\t\t<ul id=\"menu-1-8446c4a\" class=\"elementor-nav-menu\"><li class=\"menu-item menu-item-type-post_type menu-item-object-page menu-item-home menu-item-576\"><a href=\"https:\/\/inframetrip.com\/en\/\" class=\"elementor-item menu-link\">Home<\/a><\/li>\n<li class=\"menu-item menu-item-type-post_type menu-item-object-page menu-item-169\"><a href=\"https:\/\/inframetrip.com\/en\/elementor-15\/\" class=\"elementor-item menu-link\">Work Team<\/a><\/li>\n<li class=\"menu-item menu-item-type-post_type menu-item-object-page menu-item-791\"><a href=\"https:\/\/inframetrip.com\/en\/tourism-services\/\" class=\"elementor-item menu-link\">Tourism Services<\/a><\/li>\n<li class=\"menu-item menu-item-type-post_type menu-item-object-page current_page_parent menu-item-170\"><a href=\"https:\/\/inframetrip.com\/en\/blog\/\" class=\"elementor-item menu-link\">Blog<\/a><\/li>\n<\/ul>\t\t\t<\/nav>\n\t\t\t\t\t\t<nav class=\"elementor-nav-menu--dropdown elementor-nav-menu__container\" aria-hidden=\"true\">\n\t\t\t\t<ul id=\"menu-2-8446c4a\" class=\"elementor-nav-menu\"><li class=\"menu-item menu-item-type-post_type menu-item-object-page menu-item-home menu-item-576\"><a href=\"https:\/\/inframetrip.com\/en\/\" class=\"elementor-item menu-link\" tabindex=\"-1\">Home<\/a><\/li>\n<li class=\"menu-item menu-item-type-post_type menu-item-object-page menu-item-169\"><a href=\"https:\/\/inframetrip.com\/en\/elementor-15\/\" class=\"elementor-item menu-link\" tabindex=\"-1\">Work Team<\/a><\/li>\n<li class=\"menu-item menu-item-type-post_type menu-item-object-page menu-item-791\"><a href=\"https:\/\/inframetrip.com\/en\/tourism-services\/\" class=\"elementor-item menu-link\" tabindex=\"-1\">Tourism Services<\/a><\/li>\n<li class=\"menu-item menu-item-type-post_type menu-item-object-page current_page_parent menu-item-170\"><a href=\"https:\/\/inframetrip.com\/en\/blog\/\" class=\"elementor-item menu-link\" tabindex=\"-1\">Blog<\/a><\/li>\n<\/ul>\t\t\t<\/nav>\n\t\t\t\t\t\t<\/div>\n\t\t\t\t<\/div>\n\t\t\t\t\t<\/div>\n\t\t<\/div>\n\t\t\t\t<div class=\"elementor-column elementor-col-33 elementor-inner-column elementor-element elementor-element-fcb204a\" data-id=\"fcb204a\" data-element_type=\"column\" data-e-type=\"column\">\n\t\t\t<div class=\"elementor-widget-wrap elementor-element-populated\">\n\t\t\t\t\t\t<div class=\"elementor-element elementor-element-9821d3c elementor-align-center elementor-tablet-align-center elementor-widget elementor-widget-button\" data-id=\"9821d3c\" data-element_type=\"widget\" data-e-type=\"widget\" data-widget_type=\"button.default\">\n\t\t\t\t<div class=\"elementor-widget-container\">\n\t\t\t\t\t\t\t\t\t<div class=\"elementor-button-wrapper\">\n\t\t\t\t\t<a class=\"elementor-button elementor-button-link elementor-size-md\" href=\"https:\/\/inframetrip.com\/en\/blog\/\">\n\t\t\t\t\t\t<span class=\"elementor-button-content-wrapper\">\n\t\t\t\t\t\t<span class=\"elementor-button-icon\">\n\t\t\t\t<i aria-hidden=\"true\" class=\"fas fa-caret-right\"><\/i>\t\t\t<\/span>\n\t\t\t\t\t\t\t\t\t<span class=\"elementor-button-text\">Actualidad tur\u00edstica<\/span>\n\t\t\t\t\t<\/span>\n\t\t\t\t\t<\/a>\n\t\t\t\t<\/div>\n\t\t\t\t\t\t\t\t<\/div>\n\t\t\t\t<\/div>\n\t\t\t\t\t<\/div>\n\t\t<\/div>\n\t\t\t\t\t<\/div>\n\t\t<\/section>\n\t\t\t\t<\/div>","protected":false},"excerpt":{"rendered":"<p>Turismo rural y comunitario Por Daniela Vallejo El turismo y la aparici\u00f3n de una pandemia mundial El a\u00f1o 2020 fue uno de los m\u00e1s grandes retos para todos, el cierre de fronteras a nivel mundial y el aislamiento social se hicieron presentes a causa de la aparici\u00f3n del&nbsp;COVID-19&nbsp;y por consecuente el sector tur\u00edstico entr\u00f3 en [&hellip;]<\/p>\n","protected":false},"author":1,"featured_media":0,"comment_status":"open","ping_status":"open","sticky":false,"template":"","format":"standard","meta":{"site-sidebar-layout":"default","site-content-layout":"default","ast-site-content-layout":"default","site-content-style":"default","site-sidebar-style":"default","ast-global-header-display":"","ast-banner-title-visibility":"","ast-main-header-display":"","ast-hfb-above-header-display":"","ast-hfb-below-header-display":"","ast-hfb-mobile-header-display":"","site-post-title":"","ast-breadcrumbs-content":"","ast-featured-img":"","footer-sml-layout":"","ast-disable-related-posts":"","theme-transparent-header-meta":"default","adv-header-id-meta":"","stick-header-meta":"","header-above-stick-meta":"","header-main-stick-meta":"","header-below-stick-meta":"","astra-migrate-meta-layouts":"default","ast-page-background-enabled":"default","ast-page-background-meta":{"desktop":{"background-color":"","background-image":"","background-repeat":"repeat","background-position":"center center","background-size":"auto","background-attachment":"scroll","background-type":"","background-media":"","overlay-type":"","overlay-color":"","overlay-opacity":"","overlay-gradient":""},"tablet":{"background-color":"","background-image":"","background-repeat":"repeat","background-position":"center center","background-size":"auto","background-attachment":"scroll","background-type":"","background-media":"","overlay-type":"","overlay-color":"","overlay-opacity":"","overlay-gradient":""},"mobile":{"background-color":"","background-image":"","background-repeat":"repeat","background-position":"center center","background-size":"auto","background-attachment":"scroll","background-type":"","background-media":"","overlay-type":"","overlay-color":"","overlay-opacity":"","overlay-gradient":""}},"ast-content-background-meta":{"desktop":{"background-color":"var(--ast-global-color-5)","background-image":"","background-repeat":"repeat","background-position":"center center","background-size":"auto","background-attachment":"scroll","background-type":"","background-media":"","overlay-type":"","overlay-color":"","overlay-opacity":"","overlay-gradient":""},"tablet":{"background-color":"var(--ast-global-color-5)","background-image":"","background-repeat":"repeat","background-position":"center center","background-size":"auto","background-attachment":"scroll","background-type":"","background-media":"","overlay-type":"","overlay-color":"","overlay-opacity":"","overlay-gradient":""},"mobile":{"background-color":"var(--ast-global-color-5)","background-image":"","background-repeat":"repeat","background-position":"center center","background-size":"auto","background-attachment":"scroll","background-type":"","background-media":"","overlay-type":"","overlay-color":"","overlay-opacity":"","overlay-gradient":""}},"footnotes":""},"categories":[1],"tags":[],"class_list":["post-611","post","type-post","status-publish","format-standard","hentry","category-turismo"],"yoast_head":"<!-- This site is optimized with the Yoast SEO plugin v27.5 - https:\/\/yoast.com\/product\/yoast-seo-wordpress\/ -->\n<title>Turismo rural y comunitario: viajar localmente es tendencia -<\/title>\n<meta name=\"robots\" content=\"index, follow, max-snippet:-1, max-image-preview:large, max-video-preview:-1\" \/>\n<link rel=\"canonical\" href=\"https:\/\/inframetrip.com\/en\/2021\/05\/turismo-rural-y-comunitario-viajar-localmente-es-tendencia\/\" \/>\n<meta property=\"og:locale\" content=\"en_GB\" \/>\n<meta property=\"og:type\" content=\"article\" \/>\n<meta property=\"og:title\" content=\"Turismo rural y comunitario: viajar localmente es tendencia -\" \/>\n<meta property=\"og:description\" content=\"Turismo rural y comunitario Por Daniela Vallejo El turismo y la aparici\u00f3n de una pandemia mundial El a\u00f1o 2020 fue uno de los m\u00e1s grandes retos para todos, el cierre de fronteras a nivel mundial y el aislamiento social se hicieron presentes a causa de la aparici\u00f3n del&nbsp;COVID-19&nbsp;y por consecuente el sector tur\u00edstico entr\u00f3 en [&hellip;]\" \/>\n<meta property=\"og:url\" content=\"https:\/\/inframetrip.com\/en\/2021\/05\/turismo-rural-y-comunitario-viajar-localmente-es-tendencia\/\" \/>\n<meta property=\"article:published_time\" content=\"2021-05-03T02:53:03+00:00\" \/>\n<meta property=\"article:modified_time\" content=\"2021-05-08T21:37:22+00:00\" \/>\n<meta property=\"og:image\" content=\"https:\/\/inframetrip.com\/wp-content\/uploads\/2021\/03\/1.png\" \/>\n<meta name=\"author\" content=\"Sebastian\" \/>\n<meta name=\"twitter:card\" content=\"summary_large_image\" \/>\n<meta name=\"twitter:label1\" content=\"Written by\" \/>\n\t<meta name=\"twitter:data1\" content=\"Sebastian\" \/>\n\t<meta name=\"twitter:label2\" content=\"Estimated reading time\" \/>\n\t<meta name=\"twitter:data2\" content=\"6 minutes\" \/>\n<script type=\"application\/ld+json\" class=\"yoast-schema-graph\">{\"@context\":\"https:\\\/\\\/schema.org\",\"@graph\":[{\"@type\":\"Article\",\"@id\":\"https:\\\/\\\/inframetrip.com\\\/2021\\\/05\\\/turismo-rural-y-comunitario-viajar-localmente-es-tendencia\\\/#article\",\"isPartOf\":{\"@id\":\"https:\\\/\\\/inframetrip.com\\\/2021\\\/05\\\/turismo-rural-y-comunitario-viajar-localmente-es-tendencia\\\/\"},\"author\":{\"name\":\"Sebastian\",\"@id\":\"https:\\\/\\\/inframetrip.com\\\/#\\\/schema\\\/person\\\/6ef625d7011d25c8494ee71e2ddeef6e\"},\"headline\":\"Turismo rural y comunitario: viajar localmente es tendencia\",\"datePublished\":\"2021-05-03T02:53:03+00:00\",\"dateModified\":\"2021-05-08T21:37:22+00:00\",\"mainEntityOfPage\":{\"@id\":\"https:\\\/\\\/inframetrip.com\\\/2021\\\/05\\\/turismo-rural-y-comunitario-viajar-localmente-es-tendencia\\\/\"},\"wordCount\":838,\"commentCount\":0,\"image\":{\"@id\":\"https:\\\/\\\/inframetrip.com\\\/2021\\\/05\\\/turismo-rural-y-comunitario-viajar-localmente-es-tendencia\\\/#primaryimage\"},\"thumbnailUrl\":\"https:\\\/\\\/inframetrip.com\\\/wp-content\\\/uploads\\\/2021\\\/03\\\/1.png\",\"articleSection\":[\"Turismo y actualidad\"],\"inLanguage\":\"en-GB\",\"potentialAction\":[{\"@type\":\"CommentAction\",\"name\":\"Comment\",\"target\":[\"https:\\\/\\\/inframetrip.com\\\/2021\\\/05\\\/turismo-rural-y-comunitario-viajar-localmente-es-tendencia\\\/#respond\"]}]},{\"@type\":\"WebPage\",\"@id\":\"https:\\\/\\\/inframetrip.com\\\/2021\\\/05\\\/turismo-rural-y-comunitario-viajar-localmente-es-tendencia\\\/\",\"url\":\"https:\\\/\\\/inframetrip.com\\\/2021\\\/05\\\/turismo-rural-y-comunitario-viajar-localmente-es-tendencia\\\/\",\"name\":\"Turismo rural y comunitario: viajar localmente es tendencia -\",\"isPartOf\":{\"@id\":\"https:\\\/\\\/inframetrip.com\\\/#website\"},\"primaryImageOfPage\":{\"@id\":\"https:\\\/\\\/inframetrip.com\\\/2021\\\/05\\\/turismo-rural-y-comunitario-viajar-localmente-es-tendencia\\\/#primaryimage\"},\"image\":{\"@id\":\"https:\\\/\\\/inframetrip.com\\\/2021\\\/05\\\/turismo-rural-y-comunitario-viajar-localmente-es-tendencia\\\/#primaryimage\"},\"thumbnailUrl\":\"https:\\\/\\\/inframetrip.com\\\/wp-content\\\/uploads\\\/2021\\\/03\\\/1.png\",\"datePublished\":\"2021-05-03T02:53:03+00:00\",\"dateModified\":\"2021-05-08T21:37:22+00:00\",\"author\":{\"@id\":\"https:\\\/\\\/inframetrip.com\\\/#\\\/schema\\\/person\\\/6ef625d7011d25c8494ee71e2ddeef6e\"},\"breadcrumb\":{\"@id\":\"https:\\\/\\\/inframetrip.com\\\/2021\\\/05\\\/turismo-rural-y-comunitario-viajar-localmente-es-tendencia\\\/#breadcrumb\"},\"inLanguage\":\"en-GB\",\"potentialAction\":[{\"@type\":\"ReadAction\",\"target\":[\"https:\\\/\\\/inframetrip.com\\\/2021\\\/05\\\/turismo-rural-y-comunitario-viajar-localmente-es-tendencia\\\/\"]}]},{\"@type\":\"ImageObject\",\"inLanguage\":\"en-GB\",\"@id\":\"https:\\\/\\\/inframetrip.com\\\/2021\\\/05\\\/turismo-rural-y-comunitario-viajar-localmente-es-tendencia\\\/#primaryimage\",\"url\":\"https:\\\/\\\/inframetrip.com\\\/wp-content\\\/uploads\\\/2021\\\/03\\\/1.png\",\"contentUrl\":\"https:\\\/\\\/inframetrip.com\\\/wp-content\\\/uploads\\\/2021\\\/03\\\/1.png\"},{\"@type\":\"BreadcrumbList\",\"@id\":\"https:\\\/\\\/inframetrip.com\\\/2021\\\/05\\\/turismo-rural-y-comunitario-viajar-localmente-es-tendencia\\\/#breadcrumb\",\"itemListElement\":[{\"@type\":\"ListItem\",\"position\":1,\"name\":\"Portada\",\"item\":\"https:\\\/\\\/inframetrip.com\\\/\"},{\"@type\":\"ListItem\",\"position\":2,\"name\":\"Turismo rural y comunitario: viajar localmente es tendencia\"}]},{\"@type\":\"WebSite\",\"@id\":\"https:\\\/\\\/inframetrip.com\\\/#website\",\"url\":\"https:\\\/\\\/inframetrip.com\\\/\",\"name\":\"\",\"description\":\"\",\"potentialAction\":[{\"@type\":\"SearchAction\",\"target\":{\"@type\":\"EntryPoint\",\"urlTemplate\":\"https:\\\/\\\/inframetrip.com\\\/?s={search_term_string}\"},\"query-input\":{\"@type\":\"PropertyValueSpecification\",\"valueRequired\":true,\"valueName\":\"search_term_string\"}}],\"inLanguage\":\"en-GB\"},{\"@type\":\"Person\",\"@id\":\"https:\\\/\\\/inframetrip.com\\\/#\\\/schema\\\/person\\\/6ef625d7011d25c8494ee71e2ddeef6e\",\"name\":\"Sebastian\",\"image\":{\"@type\":\"ImageObject\",\"inLanguage\":\"en-GB\",\"@id\":\"https:\\\/\\\/secure.gravatar.com\\\/avatar\\\/716caf0eb7641f11646398fbff6ecf8ce1274863d08ab1c39840d0bb0280bef3?s=96&d=mm&r=g\",\"url\":\"https:\\\/\\\/secure.gravatar.com\\\/avatar\\\/716caf0eb7641f11646398fbff6ecf8ce1274863d08ab1c39840d0bb0280bef3?s=96&d=mm&r=g\",\"contentUrl\":\"https:\\\/\\\/secure.gravatar.com\\\/avatar\\\/716caf0eb7641f11646398fbff6ecf8ce1274863d08ab1c39840d0bb0280bef3?s=96&d=mm&r=g\",\"caption\":\"Sebastian\"},\"sameAs\":[\"https:\\\/\\\/inframetrip.com\"],\"url\":\"https:\\\/\\\/inframetrip.com\\\/en\\\/author\\\/paky1996\\\/\"}]}<\/script>\n<!-- \/ Yoast SEO plugin. -->","yoast_head_json":{"title":"Turismo rural y comunitario: viajar localmente es tendencia -","robots":{"index":"index","follow":"follow","max-snippet":"max-snippet:-1","max-image-preview":"max-image-preview:large","max-video-preview":"max-video-preview:-1"},"canonical":"https:\/\/inframetrip.com\/en\/2021\/05\/turismo-rural-y-comunitario-viajar-localmente-es-tendencia\/","og_locale":"en_GB","og_type":"article","og_title":"Turismo rural y comunitario: viajar localmente es tendencia -","og_description":"Turismo rural y comunitario Por Daniela Vallejo El turismo y la aparici\u00f3n de una pandemia mundial El a\u00f1o 2020 fue uno de los m\u00e1s grandes retos para todos, el cierre de fronteras a nivel mundial y el aislamiento social se hicieron presentes a causa de la aparici\u00f3n del&nbsp;COVID-19&nbsp;y por consecuente el sector tur\u00edstico entr\u00f3 en [&hellip;]","og_url":"https:\/\/inframetrip.com\/en\/2021\/05\/turismo-rural-y-comunitario-viajar-localmente-es-tendencia\/","article_published_time":"2021-05-03T02:53:03+00:00","article_modified_time":"2021-05-08T21:37:22+00:00","og_image":[{"url":"https:\/\/inframetrip.com\/wp-content\/uploads\/2021\/03\/1.png","type":"","width":"","height":""}],"author":"Sebastian","twitter_card":"summary_large_image","twitter_misc":{"Written by":"Sebastian","Estimated reading time":"6 minutes"},"schema":{"@context":"https:\/\/schema.org","@graph":[{"@type":"Article","@id":"https:\/\/inframetrip.com\/2021\/05\/turismo-rural-y-comunitario-viajar-localmente-es-tendencia\/#article","isPartOf":{"@id":"https:\/\/inframetrip.com\/2021\/05\/turismo-rural-y-comunitario-viajar-localmente-es-tendencia\/"},"author":{"name":"Sebastian","@id":"https:\/\/inframetrip.com\/#\/schema\/person\/6ef625d7011d25c8494ee71e2ddeef6e"},"headline":"Turismo rural y comunitario: viajar localmente es tendencia","datePublished":"2021-05-03T02:53:03+00:00","dateModified":"2021-05-08T21:37:22+00:00","mainEntityOfPage":{"@id":"https:\/\/inframetrip.com\/2021\/05\/turismo-rural-y-comunitario-viajar-localmente-es-tendencia\/"},"wordCount":838,"commentCount":0,"image":{"@id":"https:\/\/inframetrip.com\/2021\/05\/turismo-rural-y-comunitario-viajar-localmente-es-tendencia\/#primaryimage"},"thumbnailUrl":"https:\/\/inframetrip.com\/wp-content\/uploads\/2021\/03\/1.png","articleSection":["Turismo y actualidad"],"inLanguage":"en-GB","potentialAction":[{"@type":"CommentAction","name":"Comment","target":["https:\/\/inframetrip.com\/2021\/05\/turismo-rural-y-comunitario-viajar-localmente-es-tendencia\/#respond"]}]},{"@type":"WebPage","@id":"https:\/\/inframetrip.com\/2021\/05\/turismo-rural-y-comunitario-viajar-localmente-es-tendencia\/","url":"https:\/\/inframetrip.com\/2021\/05\/turismo-rural-y-comunitario-viajar-localmente-es-tendencia\/","name":"Turismo rural y comunitario: viajar localmente es tendencia -","isPartOf":{"@id":"https:\/\/inframetrip.com\/#website"},"primaryImageOfPage":{"@id":"https:\/\/inframetrip.com\/2021\/05\/turismo-rural-y-comunitario-viajar-localmente-es-tendencia\/#primaryimage"},"image":{"@id":"https:\/\/inframetrip.com\/2021\/05\/turismo-rural-y-comunitario-viajar-localmente-es-tendencia\/#primaryimage"},"thumbnailUrl":"https:\/\/inframetrip.com\/wp-content\/uploads\/2021\/03\/1.png","datePublished":"2021-05-03T02:53:03+00:00","dateModified":"2021-05-08T21:37:22+00:00","author":{"@id":"https:\/\/inframetrip.com\/#\/schema\/person\/6ef625d7011d25c8494ee71e2ddeef6e"},"breadcrumb":{"@id":"https:\/\/inframetrip.com\/2021\/05\/turismo-rural-y-comunitario-viajar-localmente-es-tendencia\/#breadcrumb"},"inLanguage":"en-GB","potentialAction":[{"@type":"ReadAction","target":["https:\/\/inframetrip.com\/2021\/05\/turismo-rural-y-comunitario-viajar-localmente-es-tendencia\/"]}]},{"@type":"ImageObject","inLanguage":"en-GB","@id":"https:\/\/inframetrip.com\/2021\/05\/turismo-rural-y-comunitario-viajar-localmente-es-tendencia\/#primaryimage","url":"https:\/\/inframetrip.com\/wp-content\/uploads\/2021\/03\/1.png","contentUrl":"https:\/\/inframetrip.com\/wp-content\/uploads\/2021\/03\/1.png"},{"@type":"BreadcrumbList","@id":"https:\/\/inframetrip.com\/2021\/05\/turismo-rural-y-comunitario-viajar-localmente-es-tendencia\/#breadcrumb","itemListElement":[{"@type":"ListItem","position":1,"name":"Portada","item":"https:\/\/inframetrip.com\/"},{"@type":"ListItem","position":2,"name":"Turismo rural y comunitario: viajar localmente es tendencia"}]},{"@type":"WebSite","@id":"https:\/\/inframetrip.com\/#website","url":"https:\/\/inframetrip.com\/","name":"","description":"","potentialAction":[{"@type":"SearchAction","target":{"@type":"EntryPoint","urlTemplate":"https:\/\/inframetrip.com\/?s={search_term_string}"},"query-input":{"@type":"PropertyValueSpecification","valueRequired":true,"valueName":"search_term_string"}}],"inLanguage":"en-GB"},{"@type":"Person","@id":"https:\/\/inframetrip.com\/#\/schema\/person\/6ef625d7011d25c8494ee71e2ddeef6e","name":"Sebastian","image":{"@type":"ImageObject","inLanguage":"en-GB","@id":"https:\/\/secure.gravatar.com\/avatar\/716caf0eb7641f11646398fbff6ecf8ce1274863d08ab1c39840d0bb0280bef3?s=96&d=mm&r=g","url":"https:\/\/secure.gravatar.com\/avatar\/716caf0eb7641f11646398fbff6ecf8ce1274863d08ab1c39840d0bb0280bef3?s=96&d=mm&r=g","contentUrl":"https:\/\/secure.gravatar.com\/avatar\/716caf0eb7641f11646398fbff6ecf8ce1274863d08ab1c39840d0bb0280bef3?s=96&d=mm&r=g","caption":"Sebastian"},"sameAs":["https:\/\/inframetrip.com"],"url":"https:\/\/inframetrip.com\/en\/author\/paky1996\/"}]}},"_links":{"self":[{"href":"https:\/\/inframetrip.com\/en\/wp-json\/wp\/v2\/posts\/611","targetHints":{"allow":["GET"]}}],"collection":[{"href":"https:\/\/inframetrip.com\/en\/wp-json\/wp\/v2\/posts"}],"about":[{"href":"https:\/\/inframetrip.com\/en\/wp-json\/wp\/v2\/types\/post"}],"author":[{"embeddable":true,"href":"https:\/\/inframetrip.com\/en\/wp-json\/wp\/v2\/users\/1"}],"replies":[{"embeddable":true,"href":"https:\/\/inframetrip.com\/en\/wp-json\/wp\/v2\/comments?post=611"}],"version-history":[{"count":39,"href":"https:\/\/inframetrip.com\/en\/wp-json\/wp\/v2\/posts\/611\/revisions"}],"predecessor-version":[{"id":716,"href":"https:\/\/inframetrip.com\/en\/wp-json\/wp\/v2\/posts\/611\/revisions\/716"}],"wp:attachment":[{"href":"https:\/\/inframetrip.com\/en\/wp-json\/wp\/v2\/media?parent=611"}],"wp:term":[{"taxonomy":"category","embeddable":true,"href":"https:\/\/inframetrip.com\/en\/wp-json\/wp\/v2\/categories?post=611"},{"taxonomy":"post_tag","embeddable":true,"href":"https:\/\/inframetrip.com\/en\/wp-json\/wp\/v2\/tags?post=611"}],"curies":[{"name":"wp","href":"https:\/\/api.w.org\/{rel}","templated":true}]}}